{"id":16943,"date":"2025-11-28T13:57:38","date_gmt":"2025-11-28T12:57:38","guid":{"rendered":"https:\/\/gkmke.sk\/zus\/?p=16943"},"modified":"2025-11-28T13:58:32","modified_gmt":"2025-11-28T12:58:32","slug":"adventny-koncert","status":"publish","type":"post","link":"https:\/\/gkmke.sk\/zus\/adventny-koncert\/","title":{"rendered":"Adventn\u00fd koncert"},"content":{"rendered":"\t\t<div data-elementor-type=\"wp-post\" data-elementor-id=\"16943\" class=\"elementor elementor-16943\">\n\t\t\t\t<div class=\"elementor-element elementor-element-78573707 e-flex e-con-boxed e-con e-parent\" data-id=\"78573707\" data-element_type=\"container\" data-e-type=\"container\">\n\t\t\t\t\t<div class=\"e-con-inner\">\n\t\t\t\t<div class=\"elementor-element elementor-element-211b423f elementor-widget elementor-widget-text-editor\" data-id=\"211b423f\" data-element_type=\"widget\" data-e-type=\"widget\" data-widget_type=\"text-editor.default\">\n\t\t\t\t<div class=\"elementor-widget-container\">\n\t\t\t\t\t\t\t\t\t\n<p>Mil\u00ed rodi\u010dia,<\/p>\n\n<p>poz\u00fdvame V\u00e1s na Adventn\u00fd koncert. Bli\u017e\u0161ie inform\u00e1cie n\u00e1jdete na plag\u00e1te. Te\u0161\u00edme sa na V\u00e1s.<\/p>\n<p><img fetchpriority=\"high\" decoding=\"async\" class=\"alignnone size-full wp-image-16946\" src=\"https:\/\/gkmke.sk\/zus\/wp-content\/uploads\/sites\/5\/2025\/11\/Plagat-adventny-koncert-2.12.2025.png\" alt=\"\" width=\"972\" height=\"1728\" \/><\/p>\n\n<p>\u00a0<\/p>\n\t\t\t\t\t\t\t\t<\/div>\n\t\t\t\t<\/div>\n\t\t\t\t\t<\/div>\n\t\t\t\t<\/div>\n\t\t\t\t<\/div>\n\t\t","protected":false},"excerpt":{"rendered":"<p>Mil\u00ed rodi\u010dia, poz\u00fdvame V\u00e1s na Adventn\u00fd koncert. Bli\u017e\u0161ie inform\u00e1cie n\u00e1jdete na plag\u00e1te. Te\u0161\u00edme sa na V\u00e1s. \u00a0<\/p>\n","protected":false},"author":3,"featured_media":16944,"comment_status":"closed","ping_status":"closed","sticky":false,"template":"","format":"standard","meta":{"_acf_changed":false,"footnotes":""},"categories":[9],"tags":[],"class_list":["post-16943","post","type-post","status-publish","format-standard","has-post-thumbnail","hentry","category-oznamy"],"acf":[],"_links":{"self":[{"href":"https:\/\/gkmke.sk\/zus\/wp-json\/wp\/v2\/posts\/16943","targetHints":{"allow":["GET"]}}],"collection":[{"href":"https:\/\/gkmke.sk\/zus\/wp-json\/wp\/v2\/posts"}],"about":[{"href":"https:\/\/gkmke.sk\/zus\/wp-json\/wp\/v2\/types\/post"}],"author":[{"embeddable":true,"href":"https:\/\/gkmke.sk\/zus\/wp-json\/wp\/v2\/users\/3"}],"replies":[{"embeddable":true,"href":"https:\/\/gkmke.sk\/zus\/wp-json\/wp\/v2\/comments?post=16943"}],"version-history":[{"count":1,"href":"https:\/\/gkmke.sk\/zus\/wp-json\/wp\/v2\/posts\/16943\/revisions"}],"predecessor-version":[{"id":16949,"href":"https:\/\/gkmke.sk\/zus\/wp-json\/wp\/v2\/posts\/16943\/revisions\/16949"}],"wp:featuredmedia":[{"embeddable":true,"href":"https:\/\/gkmke.sk\/zus\/wp-json\/wp\/v2\/media\/16944"}],"wp:attachment":[{"href":"https:\/\/gkmke.sk\/zus\/wp-json\/wp\/v2\/media?parent=16943"}],"wp:term":[{"taxonomy":"category","embeddable":true,"href":"https:\/\/gkmke.sk\/zus\/wp-json\/wp\/v2\/categories?post=16943"},{"taxonomy":"post_tag","embeddable":true,"href":"https:\/\/gkmke.sk\/zus\/wp-json\/wp\/v2\/tags?post=16943"}],"curies":[{"name":"wp","href":"https:\/\/api.w.org\/{rel}","templated":true}]}}