{"id":17056,"date":"2026-02-19T12:19:26","date_gmt":"2026-02-19T11:19:26","guid":{"rendered":"https:\/\/gkmke.sk\/zus\/?p=17056"},"modified":"2026-02-19T19:16:36","modified_gmt":"2026-02-19T18:16:36","slug":"interny-koncert","status":"publish","type":"post","link":"https:\/\/gkmke.sk\/zus\/interny-koncert\/","title":{"rendered":"Intern\u00fd koncert"},"content":{"rendered":"\t\t<div data-elementor-type=\"wp-post\" data-elementor-id=\"17056\" class=\"elementor elementor-17056\">\n\t\t\t\t<div class=\"elementor-element elementor-element-4012d12f e-flex e-con-boxed e-con e-parent\" data-id=\"4012d12f\" data-element_type=\"container\" data-e-type=\"container\">\n\t\t\t\t\t<div class=\"e-con-inner\">\n\t\t\t\t<div class=\"elementor-element elementor-element-6932053d elementor-widget elementor-widget-text-editor\" data-id=\"6932053d\" data-element_type=\"widget\" data-e-type=\"widget\" data-widget_type=\"text-editor.default\">\n\t\t\t\t<div class=\"elementor-widget-container\">\n\t\t\t\t\t\t\t\t\t\n<p>Posledn\u00fd de\u0148 pred p\u00f4stnym obdob\u00edm sme ukon\u010dili intern\u00fdm koncertom \u017eiakov ZU\u0160 sv. Ko\u0161ick\u00fdch mu\u010den\u00edkov. O p\u00fatav\u00e9 sprievodn\u00e9 slovo sa postaral p. u\u010d. Daniel Boronkay, fotodokument\u00e1ciu mal na starosti p. u\u010d. Peter Gomb\u00edk. V\u0161etk\u00fdm \u017eiakom a ich u\u010dite\u013eom \u010fakujeme za kr\u00e1sny kult\u00farny z\u00e1\u017eitok.<\/p>\n<p><img fetchpriority=\"high\" decoding=\"async\" class=\"alignnone size-full wp-image-17063\" src=\"https:\/\/gkmke.sk\/zus\/wp-content\/uploads\/sites\/5\/2026\/02\/DSC_0001.jpg\" alt=\"\" width=\"1135\" height=\"800\" \/><\/p>\n<p><img decoding=\"async\" class=\"alignnone size-full wp-image-17062\" src=\"https:\/\/gkmke.sk\/zus\/wp-content\/uploads\/sites\/5\/2026\/02\/DSC_0040.jpg\" alt=\"\" width=\"800\" height=\"1200\" \/><\/p>\n<p><img decoding=\"async\" class=\"alignnone size-full wp-image-17067\" src=\"https:\/\/gkmke.sk\/zus\/wp-content\/uploads\/sites\/5\/2026\/02\/DSC_0016.jpg\" alt=\"\" width=\"1087\" height=\"800\" \/><\/p>\n<p><img loading=\"lazy\" decoding=\"async\" class=\"alignnone size-full wp-image-17065\" src=\"https:\/\/gkmke.sk\/zus\/wp-content\/uploads\/sites\/5\/2026\/02\/DSC_0007.jpg\" alt=\"\" width=\"1200\" height=\"800\" \/><\/p>\n<p><img loading=\"lazy\" decoding=\"async\" class=\"alignnone size-full wp-image-17070\" src=\"https:\/\/gkmke.sk\/zus\/wp-content\/uploads\/sites\/5\/2026\/02\/DSC_0026.jpg\" alt=\"\" width=\"1200\" height=\"800\" \/><\/p>\n<p><img loading=\"lazy\" decoding=\"async\" class=\"alignnone size-full wp-image-17069\" src=\"https:\/\/gkmke.sk\/zus\/wp-content\/uploads\/sites\/5\/2026\/02\/DSC_0021.jpg\" alt=\"\" width=\"1200\" height=\"800\" \/><\/p>\n<p><img loading=\"lazy\" decoding=\"async\" class=\"alignnone size-full wp-image-17061\" src=\"https:\/\/gkmke.sk\/zus\/wp-content\/uploads\/sites\/5\/2026\/02\/DSC_0037.jpg\" alt=\"\" width=\"1200\" height=\"800\" \/><\/p>\n<p><img loading=\"lazy\" decoding=\"async\" class=\"alignnone size-full wp-image-17060\" src=\"https:\/\/gkmke.sk\/zus\/wp-content\/uploads\/sites\/5\/2026\/02\/DSC_0033.jpg\" alt=\"\" width=\"735\" height=\"1138\" \/><\/p>\n<p>\u00a0<\/p>\n<p><img loading=\"lazy\" decoding=\"async\" class=\"alignnone size-full wp-image-17068\" src=\"https:\/\/gkmke.sk\/zus\/wp-content\/uploads\/sites\/5\/2026\/02\/DSC_0018.jpg\" alt=\"\" width=\"1200\" height=\"800\" \/>4<\/p>\n\t\t\t\t\t\t\t\t<\/div>\n\t\t\t\t<\/div>\n\t\t\t\t\t<\/div>\n\t\t\t\t<\/div>\n\t\t\t\t<\/div>\n\t\t","protected":false},"excerpt":{"rendered":"<p>Posledn\u00fd de\u0148 pred p\u00f4stnym obdob\u00edm sme ukon\u010dili intern\u00fdm koncertom \u017eiakov ZU\u0160 sv. Ko\u0161ick\u00fdch mu\u010den\u00edkov. O p\u00fatav\u00e9 sprievodn\u00e9 slovo sa postaral p. u\u010d. Daniel Boronkay, fotodokument\u00e1ciu mal na starosti p. u\u010d. Peter Gomb\u00edk. V\u0161etk\u00fdm \u017eiakom a ich u\u010dite\u013eom \u010fakujeme za kr\u00e1sny &hellip; <\/p>\n","protected":false},"author":3,"featured_media":17086,"comment_status":"closed","ping_status":"closed","sticky":false,"template":"","format":"standard","meta":{"_acf_changed":false,"footnotes":""},"categories":[112],"tags":[],"class_list":["post-17056","post","type-post","status-publish","format-standard","has-post-thumbnail","hentry","category-reportaze"],"acf":[],"_links":{"self":[{"href":"https:\/\/gkmke.sk\/zus\/wp-json\/wp\/v2\/posts\/17056","targetHints":{"allow":["GET"]}}],"collection":[{"href":"https:\/\/gkmke.sk\/zus\/wp-json\/wp\/v2\/posts"}],"about":[{"href":"https:\/\/gkmke.sk\/zus\/wp-json\/wp\/v2\/types\/post"}],"author":[{"embeddable":true,"href":"https:\/\/gkmke.sk\/zus\/wp-json\/wp\/v2\/users\/3"}],"replies":[{"embeddable":true,"href":"https:\/\/gkmke.sk\/zus\/wp-json\/wp\/v2\/comments?post=17056"}],"version-history":[{"count":1,"href":"https:\/\/gkmke.sk\/zus\/wp-json\/wp\/v2\/posts\/17056\/revisions"}],"predecessor-version":[{"id":17073,"href":"https:\/\/gkmke.sk\/zus\/wp-json\/wp\/v2\/posts\/17056\/revisions\/17073"}],"wp:featuredmedia":[{"embeddable":true,"href":"https:\/\/gkmke.sk\/zus\/wp-json\/wp\/v2\/media\/17086"}],"wp:attachment":[{"href":"https:\/\/gkmke.sk\/zus\/wp-json\/wp\/v2\/media?parent=17056"}],"wp:term":[{"taxonomy":"category","embeddable":true,"href":"https:\/\/gkmke.sk\/zus\/wp-json\/wp\/v2\/categories?post=17056"},{"taxonomy":"post_tag","embeddable":true,"href":"https:\/\/gkmke.sk\/zus\/wp-json\/wp\/v2\/tags?post=17056"}],"curies":[{"name":"wp","href":"https:\/\/api.w.org\/{rel}","templated":true}]}}