{"id":17106,"date":"2026-03-19T21:36:02","date_gmt":"2026-03-19T20:36:02","guid":{"rendered":"https:\/\/gkmke.sk\/zus\/?p=17106"},"modified":"2026-03-19T21:47:23","modified_gmt":"2026-03-19T20:47:23","slug":"la-primavera","status":"publish","type":"post","link":"https:\/\/gkmke.sk\/zus\/la-primavera\/","title":{"rendered":"LA PRIMAVERA"},"content":{"rendered":"\t\t<div data-elementor-type=\"wp-post\" data-elementor-id=\"17106\" class=\"elementor elementor-17106\">\n\t\t\t\t<div class=\"elementor-element elementor-element-cbddf4a e-flex e-con-boxed e-con e-parent\" data-id=\"cbddf4a\" data-element_type=\"container\" data-e-type=\"container\">\n\t\t\t\t\t<div class=\"e-con-inner\">\n\t\t\t\t<div class=\"elementor-element elementor-element-3531759c elementor-widget elementor-widget-text-editor\" data-id=\"3531759c\" data-element_type=\"widget\" data-e-type=\"widget\" data-widget_type=\"text-editor.default\">\n\t\t\t\t<div class=\"elementor-widget-container\">\n\t\t\t\t\t\t\t\t\t\n<p>Stalo sa milou trad\u00edciou, \u017ee \u017eiaci v\u00fdtvarn\u00e9ho odboru na\u0161ej ZU\u0160, o\u017eivia farbami chodbu pred \u0161kolskou jed\u00e1l\u0148ou. Svoje pr\u00e1ce prezentuj\u00fa na spolo\u010dnej v\u00fdstave &#8222;LA PRIMAVERA&#8220;. Takto chc\u00fa uk\u00e1za\u0165 svoj talent, pote\u0161i\u0165 o\u010di a oslovi\u0165 srdcia okoloid\u00facich. V\u0161etky diela vznikli v kreat\u00edvnom prostred\u00ed v\u00fdtvarn\u00e9ho ateli\u00e9ru pod veden\u00edm vyu\u010duj\u00facich \u013dudky Benkovej, Jara Forg\u00e1\u010da, Marcelky Vilhanovej a Lucky Hromadovej. V\u00fdstava potrv\u00e1 do 31. marca 2026.<\/p>\n<p>A tu je mal\u00e1 uk\u00e1\u017eka. V\u0161etky diela si m\u00f4\u017eete pozrie\u0165 v na\u0161om fotoalbume <a href=\"https:\/\/eu.zonerama.com\/zuscordakova\/Album\/14938104\" target=\"_blank\" rel=\"noopener\">LA PRIMAVERA<\/a><\/p>\n\n<p><img fetchpriority=\"high\" decoding=\"async\" class=\"alignnone size-full wp-image-17111\" src=\"https:\/\/gkmke.sk\/zus\/wp-content\/uploads\/sites\/5\/2026\/03\/ilustra1.jpg\" alt=\"\" width=\"1330\" height=\"888\" \/><\/p>\n<p><img decoding=\"async\" class=\"alignnone size-full wp-image-17110\" src=\"https:\/\/gkmke.sk\/zus\/wp-content\/uploads\/sites\/5\/2026\/03\/ilustra2.jpg\" alt=\"\" width=\"1554\" height=\"1030\" \/><\/p>\n<p><img decoding=\"async\" class=\"alignnone size-full wp-image-17109\" src=\"https:\/\/gkmke.sk\/zus\/wp-content\/uploads\/sites\/5\/2026\/03\/ilustra3.jpg\" alt=\"\" width=\"1256\" height=\"1600\" \/><\/p>\n<p><img loading=\"lazy\" decoding=\"async\" class=\"alignnone size-full wp-image-17121\" src=\"https:\/\/gkmke.sk\/zus\/wp-content\/uploads\/sites\/5\/2026\/03\/plagat-k-podujatiu.jpg\" alt=\"\" width=\"1203\" height=\"1565\" \/><\/p>\n<p>\u00a0<\/p>\n\t\t\t\t\t\t\t\t<\/div>\n\t\t\t\t<\/div>\n\t\t\t\t\t<\/div>\n\t\t\t\t<\/div>\n\t\t\t\t<\/div>\n\t\t","protected":false},"excerpt":{"rendered":"<p>Stalo sa milou trad\u00edciou, \u017ee \u017eiaci v\u00fdtvarn\u00e9ho odboru na\u0161ej ZU\u0160, o\u017eivia farbami chodbu pred \u0161kolskou jed\u00e1l\u0148ou. Svoje pr\u00e1ce prezentuj\u00fa na spolo\u010dnej v\u00fdstave &#8222;LA PRIMAVERA&#8220;. Takto chc\u00fa uk\u00e1za\u0165 svoj talent, pote\u0161i\u0165 o\u010di a oslovi\u0165 srdcia okoloid\u00facich. V\u0161etky diela vznikli v kreat\u00edvnom &hellip; <\/p>\n","protected":false},"author":3,"featured_media":17107,"comment_status":"closed","ping_status":"closed","sticky":false,"template":"","format":"standard","meta":{"_acf_changed":false,"footnotes":""},"categories":[112],"tags":[],"class_list":["post-17106","post","type-post","status-publish","format-standard","has-post-thumbnail","hentry","category-reportaze"],"acf":[],"_links":{"self":[{"href":"https:\/\/gkmke.sk\/zus\/wp-json\/wp\/v2\/posts\/17106","targetHints":{"allow":["GET"]}}],"collection":[{"href":"https:\/\/gkmke.sk\/zus\/wp-json\/wp\/v2\/posts"}],"about":[{"href":"https:\/\/gkmke.sk\/zus\/wp-json\/wp\/v2\/types\/post"}],"author":[{"embeddable":true,"href":"https:\/\/gkmke.sk\/zus\/wp-json\/wp\/v2\/users\/3"}],"replies":[{"embeddable":true,"href":"https:\/\/gkmke.sk\/zus\/wp-json\/wp\/v2\/comments?post=17106"}],"version-history":[{"count":1,"href":"https:\/\/gkmke.sk\/zus\/wp-json\/wp\/v2\/posts\/17106\/revisions"}],"predecessor-version":[{"id":17124,"href":"https:\/\/gkmke.sk\/zus\/wp-json\/wp\/v2\/posts\/17106\/revisions\/17124"}],"wp:featuredmedia":[{"embeddable":true,"href":"https:\/\/gkmke.sk\/zus\/wp-json\/wp\/v2\/media\/17107"}],"wp:attachment":[{"href":"https:\/\/gkmke.sk\/zus\/wp-json\/wp\/v2\/media?parent=17106"}],"wp:term":[{"taxonomy":"category","embeddable":true,"href":"https:\/\/gkmke.sk\/zus\/wp-json\/wp\/v2\/categories?post=17106"},{"taxonomy":"post_tag","embeddable":true,"href":"https:\/\/gkmke.sk\/zus\/wp-json\/wp\/v2\/tags?post=17106"}],"curies":[{"name":"wp","href":"https:\/\/api.w.org\/{rel}","templated":true}]}}