{"id":17134,"date":"2026-03-26T12:34:52","date_gmt":"2026-03-26T11:34:52","guid":{"rendered":"https:\/\/gkmke.sk\/zus\/?p=17134"},"modified":"2026-03-26T12:34:53","modified_gmt":"2026-03-26T11:34:53","slug":"talentove-prijimacie-skusky","status":"publish","type":"post","link":"https:\/\/gkmke.sk\/zus\/talentove-prijimacie-skusky\/","title":{"rendered":"Talentov\u00e9 prij\u00edmacie sk\u00fa\u0161ky"},"content":{"rendered":"\n<p><strong>Z\u00e1kladn\u00e1 umeleck\u00e1 \u0161kola sv. Ko\u0161ick\u00fdch mu\u010den\u00edkov, Ko\u0161ice<\/strong><\/p>\n\n\n\n<ul class=\"wp-block-list\">\n<li><strong>Pracovisko KVP<\/strong><\/li>\n<\/ul>\n\n\n\n<p>v&nbsp;budove Spojenej \u0161koly sv. Ko\u0161ick\u00fdch mu\u010den\u00edkov, \u010cord\u00e1kova 50, Ko\u0161ice \u2013 S\u00eddlisko KVP<\/p>\n\n\n\n<p><strong>20. \u2013 22. apr\u00edl 2026 od 14.00 do 17.00 h. \u2013 Hudobn\u00fd, v\u00fdtvarn\u00fd a&nbsp;liter\u00e1rno-dramatick\u00fd odbor<\/strong><\/p>\n\n\n\n<ul class=\"wp-block-list\">\n<li><strong>Elokovan\u00e9 pracovisko Kr\u00e1sna<\/strong><\/li>\n<\/ul>\n\n\n\n<p>v&nbsp;priestoroch M\u0160 a&nbsp;Z\u0160 sv. Marka Kri\u017eina, Reho\u013en\u00e1 2, Ko\u0161ice \u2013 Kr\u00e1sna \u2013 Pavil\u00f3n 2<\/p>\n\n\n\n<p><strong>15. apr\u00edl 2026 od 14.00 do 17.00 h. \u2013 V\u00fdtvarn\u00fd odbor<\/strong><\/p>\n\n\n\n<p><strong>16.-17. apr\u00edl 2026 od 14.00 do 17.00 h. \u2013 Hudobn\u00fd odbor<\/strong><\/p>\n\n\n\n<p><strong>Priebeh talentov\u00fdch sk\u00fa\u0161ok<\/strong><\/p>\n\n\n\n<ul class=\"wp-block-list\">\n<li>Sk\u00fa\u0161ky prebiehaj\u00fa <strong>pred troj\u010dlennou komisiou<\/strong> kvalifikovan\u00fdch u\u010dite\u013eov.<\/li>\n\n\n\n<li>Uch\u00e1dza\u010di s\u00fa hodnoten\u00ed <strong>bodov\u00fdm syst\u00e9mom<\/strong>.<\/li>\n\n\n\n<li><strong>Prijat\u00ed s\u00fa \u017eiaci s najvy\u0161\u0161\u00edm po\u010dtom bodov.<\/strong><\/li>\n\n\n\n<li>Po\u010det prijat\u00fdch \u017eiakov z\u00e1vis\u00ed aj od <strong>kapacitn\u00fdch a priestorov\u00fdch mo\u017enost\u00ed \u0161koly<\/strong>.<\/li>\n<\/ul>\n\n\n\n<hr class=\"wp-block-separator has-alpha-channel-opacity\"\/>\n\n\n\n<p><strong>Krit\u00e9ri\u00e1 na prijatie \u2013 Hudobn\u00fd odbor<\/strong><\/p>\n\n\n\n<p>Talentov\u00e9 sk\u00fa\u0161ky prebiehaj\u00fa pod\u013ea \u00a7 5 Vyhl\u00e1\u0161ky M\u0160 SR \u010d. 324\/2008 Z. z. a sl\u00fa\u017eia na overenie z\u00e1kladn\u00fdch hudobn\u00fdch predpokladov uch\u00e1dza\u010da.<\/p>\n\n\n\n<p><strong>\u010co sa overuje na prij\u00edmac\u00edch sk\u00fa\u0161kach<\/strong><\/p>\n\n\n\n<p>\ud83c\udfb5 <strong>Rytmus<\/strong><br>Uch\u00e1dza\u010d zopakuje jednoduch\u00fd rytmick\u00fd mot\u00edv, ktor\u00fd vytlieska u\u010dite\u013e.<\/p>\n\n\n\n<p>\ud83c\udfb5 <strong>Hudobn\u00e9 sluchov\u00e9 predpoklady<\/strong><br>Uch\u00e1dza\u010d zaspieva kr\u00e1tky mot\u00edv alebo jednotliv\u00e9 t\u00f3ny, ktor\u00e9 zahr\u00e1 pedag\u00f3g na klav\u00edri.<\/p>\n\n\n\n<p>\ud83c\udfb5 <strong>Spev pripraven\u00fdch piesn\u00ed<\/strong><br>Uch\u00e1dza\u010d si priprav\u00ed <strong>2 piesne r\u00f4zneho charakteru<\/strong> (\u013eudov\u00e1, detsk\u00e1, n\u00e1bo\u017eensk\u00e1\u2026).<\/p>\n\n\n\n<p>\ud83c\udfb5 <strong>Star\u0161\u00ed \u017eiaci a dospel\u00ed<\/strong><br>Ich predpoklady sa hodnotia individu\u00e1lne \u2013 pod\u013ea zvolen\u00e9ho hudobn\u00e9ho n\u00e1stroja.<\/p>\n\n\n\n<hr class=\"wp-block-separator has-alpha-channel-opacity\"\/>\n\n\n\n<p><strong>Krit\u00e9ri\u00e1 na prijatie \u2013 V\u00fdtvarn\u00fd odbor<\/strong><\/p>\n\n\n\n<p><strong>\u010co si m\u00e1 uch\u00e1dza\u010d prinies\u0165<\/strong><\/p>\n\n\n\n<p>\ud83d\udd8d\ufe0f <strong>2 \u2013 3 vlastn\u00e9 v\u00fdtvarn\u00e9 pr\u00e1ce<\/strong><br>(kresby, ma\u013eby alebo in\u00e9 tvoriv\u00e9 uk\u00e1\u017eky)<\/p>\n\n\n\n<p><strong>\u010co hodnot\u00ed komisia<\/strong><\/p>\n\n\n\n<p>Sk\u00fa\u0161obn\u00e1 komisia sa zameriava najm\u00e4 na:<\/p>\n\n\n\n<p>\ud83c\udfa8 <strong>Spont\u00e1nnos\u0165 v\u00fdtvarn\u00e9ho prejavu<\/strong><br>\u2013 prirodzenos\u0165, uvo\u013enenos\u0165 a tvoriv\u00fd sp\u00f4sob vyjadrovania.<\/p>\n\n\n\n<p>\ud83c\udfa8 <strong>Nadanie a talent<\/strong><br>\u2013 z\u00e1kladn\u00e9 v\u00fdtvarn\u00e9 predpoklady primeran\u00e9 veku uch\u00e1dza\u010da.<\/p>\n\n\n\n<p>\ud83c\udfa8 <strong>Estetick\u00e9 c\u00edtenie<\/strong><br>\u2013 vn\u00edmanie farieb, tvarov, priestorov\u00fdch vz\u0165ahov a kompoz\u00edcie.<\/p>\n\n\n\n<p>\ud83c\udfa8 <strong>Techniku pr\u00e1ce<\/strong><br>\u2013 sp\u00f4sob pr\u00e1ce s materi\u00e1lmi a \u00farove\u0148 zvl\u00e1dnutia v\u00fdtvarn\u00fdch techn\u00edk.<\/p>\n\n\n\n<hr class=\"wp-block-separator has-alpha-channel-opacity\"\/>\n\n\n\n<p><strong>Krit\u00e9ri\u00e1 na prijatie \u2013 Liter\u00e1rno\u2011dramatick\u00fd odbor<\/strong><\/p>\n\n\n\n<p><strong>\u010co sa overuje na talentov\u00fdch sk\u00fa\u0161kach<\/strong><\/p>\n\n\n\n<p>\ud83c\udfad <strong>Osobn\u00fd pohovor<\/strong><br>Kr\u00e1tky rozhovor, v ktorom sa sleduje prirodzen\u00fd verb\u00e1lny prejav, komunik\u00e1cia a uvo\u013enenos\u0165 uch\u00e1dza\u010da.<\/p>\n\n\n\n<p>\ud83c\udfad <strong>Prednes po\u00e9zie alebo pr\u00f3zy<\/strong><br>Uch\u00e1dza\u010d si priprav\u00ed kr\u00e1tky text (b\u00e1se\u0148 alebo \u00faryvok z pr\u00f3zy), ktor\u00fd prednesie s d\u00f4razom na v\u00fdraz, artikul\u00e1ciu a plynulos\u0165 re\u010di.<\/p>\n\n\n\n<p>\ud83c\udfad <strong>Improviz\u00e1cia<\/strong><br>Jednoduch\u00e1 tvoriv\u00e1 \u00faloha na overenie spont\u00e1nnosti, predstavivosti a reakcie na zadan\u00fa situ\u00e1ciu.<\/p>\n\n\n\n<p>\ud83c\udfad <strong>Rytmick\u00e9, intona\u010dn\u00e9 a pohybov\u00e9 predpoklady<\/strong><br>Cvi\u010denia zameran\u00e9 na z\u00e1kladn\u00e9 hudobno\u2011pohybov\u00e9 schopnosti \u2013 opakovanie rytmu, jednoduch\u00e9ho pohybu alebo kr\u00e1tkej inton\u00e1cie.<\/p>\n\n\n\n<hr class=\"wp-block-separator has-alpha-channel-opacity\"\/>\n","protected":false},"excerpt":{"rendered":"<p>Z\u00e1kladn\u00e1 umeleck\u00e1 \u0161kola sv. Ko\u0161ick\u00fdch mu\u010den\u00edkov, Ko\u0161ice v&nbsp;budove Spojenej \u0161koly sv. Ko\u0161ick\u00fdch mu\u010den\u00edkov, \u010cord\u00e1kova 50, Ko\u0161ice \u2013 S\u00eddlisko KVP 20. \u2013 22. apr\u00edl 2026 od 14.00 do 17.00 h. \u2013 Hudobn\u00fd, v\u00fdtvarn\u00fd a&nbsp;liter\u00e1rno-dramatick\u00fd odbor v&nbsp;priestoroch M\u0160 a&nbsp;Z\u0160 sv. Marka Kri\u017eina, &hellip; <\/p>\n","protected":false},"author":2,"featured_media":17057,"comment_status":"closed","ping_status":"closed","sticky":false,"template":"","format":"standard","meta":{"_acf_changed":false,"footnotes":""},"categories":[9],"tags":[],"class_list":["post-17134","post","type-post","status-publish","format-standard","has-post-thumbnail","hentry","category-oznamy"],"acf":[],"_links":{"self":[{"href":"https:\/\/gkmke.sk\/zus\/wp-json\/wp\/v2\/posts\/17134","targetHints":{"allow":["GET"]}}],"collection":[{"href":"https:\/\/gkmke.sk\/zus\/wp-json\/wp\/v2\/posts"}],"about":[{"href":"https:\/\/gkmke.sk\/zus\/wp-json\/wp\/v2\/types\/post"}],"author":[{"embeddable":true,"href":"https:\/\/gkmke.sk\/zus\/wp-json\/wp\/v2\/users\/2"}],"replies":[{"embeddable":true,"href":"https:\/\/gkmke.sk\/zus\/wp-json\/wp\/v2\/comments?post=17134"}],"version-history":[{"count":1,"href":"https:\/\/gkmke.sk\/zus\/wp-json\/wp\/v2\/posts\/17134\/revisions"}],"predecessor-version":[{"id":17135,"href":"https:\/\/gkmke.sk\/zus\/wp-json\/wp\/v2\/posts\/17134\/revisions\/17135"}],"wp:featuredmedia":[{"embeddable":true,"href":"https:\/\/gkmke.sk\/zus\/wp-json\/wp\/v2\/media\/17057"}],"wp:attachment":[{"href":"https:\/\/gkmke.sk\/zus\/wp-json\/wp\/v2\/media?parent=17134"}],"wp:term":[{"taxonomy":"category","embeddable":true,"href":"https:\/\/gkmke.sk\/zus\/wp-json\/wp\/v2\/categories?post=17134"},{"taxonomy":"post_tag","embeddable":true,"href":"https:\/\/gkmke.sk\/zus\/wp-json\/wp\/v2\/tags?post=17134"}],"curies":[{"name":"wp","href":"https:\/\/api.w.org\/{rel}","templated":true}]}}