{"id":17221,"date":"2026-04-28T11:02:38","date_gmt":"2026-04-28T09:02:38","guid":{"rendered":"https:\/\/gkmke.sk\/zus\/oznamenie-o-volnom-pracovnom-mieste-2\/"},"modified":"2026-04-28T11:02:39","modified_gmt":"2026-04-28T09:02:39","slug":"oznamenie-o-volnom-pracovnom-mieste-2","status":"publish","type":"post","link":"https:\/\/gkmke.sk\/zus\/oznamenie-o-volnom-pracovnom-mieste-2\/","title":{"rendered":"Ozn\u00e1menie o\u00a0VO\u013dNOM PRACOVNOM MIESTE"},"content":{"rendered":"\n<p>V&nbsp;s\u00falade s \u00a7 84 z\u00e1kona \u010d. 138\/2019 Z. z. o&nbsp;pedagogick\u00fdch zamestnancoch a&nbsp;odborn\u00fdch zamestnancoch (\u010falej len \u201ez\u00e1kon\u201c) a&nbsp;o&nbsp;zmene a&nbsp;doplnen\u00ed niektor\u00fdch z\u00e1konov zverej\u0148ujeme inform\u00e1ciu o&nbsp;vo\u013enom pracovnom mieste pedagogick\u00fdch zamestnancov.<\/p>\n\n\n\n<figure class=\"wp-block-table\"><table class=\"has-fixed-layout\"><tbody><tr><td>N\u00e1zov a&nbsp;adresa zamestn\u00e1vate\u013ea<\/td><td>Spojen\u00e1 \u0161kola sv. Ko\u0161ick\u00fdch mu\u010den\u00edkov, \u010cord\u00e1kova 50, 040 23 Ko\u0161ice<\/td><\/tr><tr><td>Kateg\u00f3ria pedagogick\u00e9ho zamestnanca<\/td><td>u\u010dite\u013e<\/td><\/tr><tr><td>Podkateg\u00f3ria pedagogick\u00e9ho zamestnanca<\/td><td>u\u010dite\u013e z\u00e1kladnej umeleckej \u0161koly so zameran\u00edm na <strong>liter\u00e1rno-dramatick\u00fd odbor<\/strong><\/td><\/tr><tr><td>Za\u010diatok pracovn\u00e9ho pomeru<\/td><td>01.09.2026<\/td><\/tr><tr><td>Platov\u00e9 podmienky<\/td><td>ur\u010den\u00e9 v&nbsp;s\u00falade so z\u00e1konom \u010d. 553\/2003 Z. z. o odme\u0148ovan\u00ed niektor\u00fdch zamestnancov pri v\u00fdkone pr\u00e1ce vo verejnom z\u00e1ujme<\/td><\/tr><\/tbody><\/table><\/figure>\n\n\n\n<p><strong><em>Po\u017eadovan\u00e9 kvalifika\u010dn\u00e9 predpoklady a&nbsp;in\u00e9 po\u017eiadavky:<\/em><\/strong><\/p>\n\n\n\n<ul class=\"wp-block-list\">\n<li>odborn\u00e1 pedagogick\u00e1 sp\u00f4sobilos\u0165 pre dan\u00fd druh \u0161koly v\u00a0s\u00falade so z\u00e1konom<\/li>\n\n\n\n<li>sp\u00f4sobilos\u0165 na pr\u00e1vne \u00fakony v\u00a0plnom rozsahu<\/li>\n\n\n\n<li>bez\u00fahonnos\u0165<\/li>\n\n\n\n<li>zdravotn\u00e1 sp\u00f4sobilos\u0165<\/li>\n\n\n\n<li>ovl\u00e1danie \u0161t\u00e1tneho jazyka slovom a\u00a0p\u00edsmom v\u00a0s\u00falade s \u00a7 17 z\u00e1kona<\/li>\n\n\n\n<li>schopnos\u0165 vychov\u00e1va\u0165 v\u00a0kres\u0165anskom duchu, kreativita a\u00a0proakt\u00edvny pr\u00edstup<\/li>\n<\/ul>\n\n\n\n<p><strong><em>Zoznam po\u017eadovan\u00fdch dokladov:<\/em><\/strong><\/p>\n\n\n\n<ul class=\"wp-block-list\">\n<li>prihl\u00e1\u0161ka do v\u00fdberov\u00e9ho konania<\/li>\n\n\n\n<li>k\u00f3pie dokladov o\u00a0vzdelan\u00ed (origin\u00e1l alebo overen\u00e1 k\u00f3pia vy\u017eadovan\u00e1 pri n\u00e1stupe)<\/li>\n\n\n\n<li>profesijn\u00fd \u017eivotopis<\/li>\n\n\n\n<li>\u010destn\u00e9 vyhl\u00e1senie o\u00a0bez\u00fahonnosti<\/li>\n\n\n\n<li>doklad o\u00a0zdravotnej sp\u00f4sobilosti na v\u00fdkon pracovnej \u010dinnosti<\/li>\n\n\n\n<li>potvrdenie o\u00a0prijat\u00ed sviatosti krstu alebo man\u017eelstva (krstn\u00fd, pr\u00edpadne sob\u00e1\u0161ny list)<\/li>\n\n\n\n<li>odpor\u00fa\u010danie k\u0148aza<\/li>\n\n\n\n<li>p\u00edsomn\u00fd s\u00fahlas uch\u00e1dza\u010da s\u00a0pou\u017eit\u00edm osobn\u00fdch \u00fadajov na \u00fa\u010dely v\u00fdberov\u00e9ho konania<\/li>\n<\/ul>\n\n\n\n<p><strong>Term\u00edn a&nbsp;sp\u00f4sob zasielania \u017eiadosti o&nbsp;prijatie do zamestnania<\/strong><\/p>\n\n\n\n<p>Prihl\u00e1\u0161ky a&nbsp;po\u017eadovan\u00e9 doklady do v\u00fdberov\u00e9ho konania je potrebn\u00e9 zasla\u0165 doporu\u010denou po\u0161tou alebo prinies\u0165 osobne <strong>do 11.m\u00e1ja 2026 <\/strong>na adresu:<\/p>\n\n\n\n<p><strong>Spojen\u00e1 \u0161kola sv. Ko\u0161ick\u00fdch mu\u010den\u00edkov, \u010cord\u00e1kova 50, 040 23 Ko\u0161ice.<\/strong><\/p>\n\n\n\n<p>O&nbsp;term\u00edne v\u00fdberov\u00e9ho konania bud\u00fa uch\u00e1dza\u010di, ktor\u00ed sp\u013a\u0148aj\u00fa podmienky informovan\u00ed emailom alebo telefonicky najmenej sedem dn\u00ed pred jeho uskuto\u010dnen\u00edm.<\/p>\n\n\n\n<p>Ko\u0161ice 24.04.2026<\/p>\n\n\n\n<p>&nbsp;&nbsp;&nbsp;&nbsp;&nbsp;&nbsp;&nbsp;&nbsp;&nbsp;&nbsp;&nbsp;&nbsp;&nbsp;&nbsp;&nbsp;&nbsp;&nbsp;&nbsp;&nbsp;&nbsp;&nbsp;&nbsp;&nbsp;&nbsp;&nbsp;&nbsp;&nbsp;&nbsp;&nbsp;&nbsp;&nbsp;&nbsp;&nbsp;&nbsp;&nbsp;&nbsp;&nbsp;&nbsp;&nbsp;&nbsp;&nbsp;&nbsp;&nbsp;&nbsp;&nbsp;&nbsp;&nbsp;&nbsp;&nbsp;&nbsp;&nbsp;&nbsp;&nbsp;&nbsp;&nbsp;&nbsp;&nbsp;&nbsp;&nbsp;&nbsp;&nbsp;&nbsp;&nbsp;&nbsp;&nbsp;&nbsp;&nbsp;&nbsp;&nbsp;&nbsp;&nbsp;&nbsp;&nbsp;&nbsp;&nbsp;&nbsp;&nbsp;&nbsp;&nbsp;&nbsp;&nbsp;&nbsp;&nbsp;&nbsp;&nbsp;&nbsp;&nbsp;&nbsp;&nbsp;&nbsp;&nbsp;&nbsp;&nbsp;&nbsp;&nbsp;&nbsp;&nbsp;&nbsp;&nbsp;&nbsp;&nbsp;&nbsp; RNDr. Milan Ko\u0161\u010do, PhD., MBA, LL.D.<\/p>\n\n\n\n<p>&nbsp;&nbsp;&nbsp;&nbsp;&nbsp;&nbsp;&nbsp;&nbsp;&nbsp;&nbsp;&nbsp;&nbsp;&nbsp;&nbsp;&nbsp;&nbsp;&nbsp;&nbsp;&nbsp;&nbsp;&nbsp;&nbsp;&nbsp;&nbsp;&nbsp;&nbsp;&nbsp;&nbsp;&nbsp;&nbsp;&nbsp;&nbsp;&nbsp;&nbsp;&nbsp;&nbsp;&nbsp;&nbsp;&nbsp;&nbsp;&nbsp;&nbsp;&nbsp;&nbsp;&nbsp;&nbsp;&nbsp;&nbsp;&nbsp;&nbsp;&nbsp;&nbsp;&nbsp;&nbsp;&nbsp;&nbsp;&nbsp;&nbsp;&nbsp;&nbsp;&nbsp;&nbsp;&nbsp;&nbsp;&nbsp;&nbsp;&nbsp;&nbsp;&nbsp;&nbsp;&nbsp;&nbsp;&nbsp;&nbsp;&nbsp;&nbsp;&nbsp;&nbsp;&nbsp;&nbsp;&nbsp;&nbsp;&nbsp;&nbsp;&nbsp;&nbsp;&nbsp;&nbsp;&nbsp;&nbsp;&nbsp;&nbsp;&nbsp;&nbsp;&nbsp;&nbsp;&nbsp;&nbsp;&nbsp;&nbsp;&nbsp;&nbsp;&nbsp;&nbsp;&nbsp;&nbsp;&nbsp;&nbsp;&nbsp;&nbsp;&nbsp;&nbsp;&nbsp;&nbsp;&nbsp;&nbsp;&nbsp; &nbsp;&nbsp;&nbsp;&nbsp;&nbsp;&nbsp; riadite\u013e \u0161koly<\/p>\n","protected":false},"excerpt":{"rendered":"<p>V&nbsp;s\u00falade s \u00a7 84 z\u00e1kona \u010d. 138\/2019 Z. z. o&nbsp;pedagogick\u00fdch zamestnancoch a&nbsp;odborn\u00fdch zamestnancoch (\u010falej len \u201ez\u00e1kon\u201c) a&nbsp;o&nbsp;zmene a&nbsp;doplnen\u00ed niektor\u00fdch z\u00e1konov zverej\u0148ujeme inform\u00e1ciu o&nbsp;vo\u013enom pracovnom mieste pedagogick\u00fdch zamestnancov. N\u00e1zov a&nbsp;adresa zamestn\u00e1vate\u013ea Spojen\u00e1 \u0161kola sv. Ko\u0161ick\u00fdch mu\u010den\u00edkov, \u010cord\u00e1kova 50, 040 23 Ko\u0161ice &hellip; <\/p>\n","protected":false},"author":2,"featured_media":16686,"comment_status":"closed","ping_status":"closed","sticky":false,"template":"","format":"standard","meta":{"_acf_changed":false,"footnotes":""},"categories":[9],"tags":[],"class_list":["post-17221","post","type-post","status-publish","format-standard","has-post-thumbnail","hentry","category-oznamy"],"acf":[],"_links":{"self":[{"href":"https:\/\/gkmke.sk\/zus\/wp-json\/wp\/v2\/posts\/17221","targetHints":{"allow":["GET"]}}],"collection":[{"href":"https:\/\/gkmke.sk\/zus\/wp-json\/wp\/v2\/posts"}],"about":[{"href":"https:\/\/gkmke.sk\/zus\/wp-json\/wp\/v2\/types\/post"}],"author":[{"embeddable":true,"href":"https:\/\/gkmke.sk\/zus\/wp-json\/wp\/v2\/users\/2"}],"replies":[{"embeddable":true,"href":"https:\/\/gkmke.sk\/zus\/wp-json\/wp\/v2\/comments?post=17221"}],"version-history":[{"count":0,"href":"https:\/\/gkmke.sk\/zus\/wp-json\/wp\/v2\/posts\/17221\/revisions"}],"wp:featuredmedia":[{"embeddable":true,"href":"https:\/\/gkmke.sk\/zus\/wp-json\/wp\/v2\/media\/16686"}],"wp:attachment":[{"href":"https:\/\/gkmke.sk\/zus\/wp-json\/wp\/v2\/media?parent=17221"}],"wp:term":[{"taxonomy":"category","embeddable":true,"href":"https:\/\/gkmke.sk\/zus\/wp-json\/wp\/v2\/categories?post=17221"},{"taxonomy":"post_tag","embeddable":true,"href":"https:\/\/gkmke.sk\/zus\/wp-json\/wp\/v2\/tags?post=17221"}],"curies":[{"name":"wp","href":"https:\/\/api.w.org\/{rel}","templated":true}]}}